{"id":8574,"date":"2025-11-19T12:33:11","date_gmt":"2025-11-19T11:33:11","guid":{"rendered":"https:\/\/inege.org\/?p=8574"},"modified":"2025-12-09T12:19:57","modified_gmt":"2025-12-09T11:19:57","slug":"inege-desarrolla-una-actividad-de-sensibilizacion-estadistica-en-el-centro-educativo-ewaiso-ipola-con-motivo-del-dia-africano-de-estadista","status":"publish","type":"post","link":"https:\/\/inege.org\/?p=8574","title":{"rendered":"INEGE DESARROLLA UNA ACTIVIDAD DE SENSIBILIZACI\u00d3N ESTAD\u00cdSTICA EN EL CENTRO EDUCATIVO EWAISO IPOLA CON MOTIVO DEL D\u00cdA AFRICANO DE ESTADISTA"},"content":{"rendered":"<p class=\"s24\" style=\"text-align: left;\"><span class=\"s22\"><span class=\"bumpedFont15\">En el marco de la conmemoraci\u00f3n del D\u00eda Africano de la Estad\u00edstica, celebrado cada 18 de noviembre, el Instituto Nacional de Estad\u00edstica de Guinea Ecuatorial (INEGE) desarroll\u00f3 el pasado 20 de noviembre de 2025 una charla de sensibilizaci\u00f3n dirigida a los estudiantes de segundo de bachillerato del Centro Educativo <\/span><\/span><span class=\"s22\"><span class=\"bumpedFont15\">Ewaiso<\/span><\/span> <span class=\"s22\"><span class=\"bumpedFont15\">Ipola<\/span><\/span><span class=\"s22\"><span class=\"bumpedFont15\">. La iniciativa tuvo como prop\u00f3sito concienciar a los j\u00f3venes sobre la importancia de la estad\u00edstica en el \u00e1mbito social, econ\u00f3mico y ambiental, destacando su papel esencial en la planificaci\u00f3n y en la toma de decisiones basadas en datos.<\/span><\/span><\/p>\n<p class=\"s24\"><span class=\"s22\"><span class=\"bumpedFont15\">Bajo el lema<strong> \u201c<\/strong><\/span><\/span><strong><span class=\"s25\"><span class=\"bumpedFont15\">Aprovechar las innovaciones en datos y estad\u00edsticas para promover una sociedad justa, pac\u00edfica, inclusiva y pr\u00f3spera para los africanos\u201d<\/span><\/span><\/strong><span class=\"s22\"><span class=\"bumpedFont15\">, la actividad subray\u00f3 la necesidad de fortalecer la cultura estad\u00edstica entre las nuevas generaciones, en coherencia con los desaf\u00edos y oportunidades que afronta el continente africano.<\/span><\/span><\/p>\n<p class=\"s24\"><span class=\"s22\"><span class=\"bumpedFont15\">La sesi\u00f3n despert\u00f3 un notable inter\u00e9s entre los estudiantes, quienes plantearon diversas preguntas a los ponentes. Todas las inquietudes fueron atendidas de manera satisfactoria, propiciando un ambiente participativo y enriquecedor.<\/span><\/span><\/p>\n<p class=\"s24\"><span class=\"s22\"><span class=\"bumpedFont15\">El acto cont\u00f3 asimismo con la presencia de miembros del equipo directivo y del profesorado del centro, quienes acompa\u00f1aron a los alumnos durante toda la jornada. La charla fue impartida por \u00a0el ingeniero en Ciencias de Datos, don Ramiro Obama ME\u00d1E ABANG, y los ingenieros Estad\u00edsticos Economistas, don Am\u00f3s Santiago Ma\u00f1ana NDONG \u00d1ENGONO y David Abeso AS\u00da AYINGONO<\/span><\/span>, quienes explicaron de forma clara y did\u00e1ctica el valor estrat\u00e9gico de la estad\u00edstica para el desarrollo sostenible del pa\u00eds.<\/p>\n<p class=\"s24\"><span class=\"s22\"><span class=\"bumpedFont15\">Al finalizar la actividad, se procedi\u00f3 a la entrega de indumentarias a los estudiantes asistentes y al profesorado de secundaria, como muestra de agradecimiento y motivaci\u00f3n. La jornada concluy\u00f3 con una fotograf\u00eda de familia, s\u00edmbolo del compromiso conjunto entre INEGE y la comunidad educativa para seguir promoviendo el conocimiento estad\u00edstico en Guinea Ecuatorial.<\/span><\/span><\/p>\n<p><a href=\"https:\/\/inege.org\/wp-content\/uploads\/2025\/11\/bc98a59b-d327-4589-9d32-83065bba06ec.jpeg\"><img fetchpriority=\"high\" decoding=\"async\" class=\"alignnone size-medium wp-image-8578\" src=\"https:\/\/inege.org\/wp-content\/uploads\/2025\/11\/bc98a59b-d327-4589-9d32-83065bba06ec.jpeg\" alt=\"\" width=\"300\" height=\"225\" \/><\/a> <a href=\"https:\/\/inege.org\/wp-content\/uploads\/2025\/11\/97b814e0-07dd-4f80-9761-b999000d23f8.jpeg\"><img decoding=\"async\" class=\"alignnone size-medium wp-image-8580\" src=\"https:\/\/inege.org\/wp-content\/uploads\/2025\/11\/97b814e0-07dd-4f80-9761-b999000d23f8.jpeg\" alt=\"\" width=\"300\" height=\"225\" \/><\/a><\/p>\n<p>&nbsp;<\/p>\n","protected":false},"excerpt":{"rendered":"<p>En el marco de la conmemoraci\u00f3n del D\u00eda Africano de la Estad\u00edstica, celebrado cada 18 de noviembre, el Instituto Nacional de Estad\u00edstica de Guinea Ecuatorial (INEGE) desarroll\u00f3 el pasado 20 de noviembre de 2025 una charla de sensibilizaci\u00f3n dirigida a los estudiantes de segundo de bachillerato del Centro Educativo Ewaiso Ipola. La iniciativa tuvo como [&hellip;]<\/p>\n","protected":false},"author":82,"featured_media":8576,"comment_status":"closed","ping_status":"closed","sticky":false,"template":"","format":"standard","meta":{"footnotes":""},"categories":[6,35],"tags":[],"class_list":["post-8574","post","type-post","status-publish","format-standard","has-post-thumbnail","hentry","category-destacados","category-news"],"_links":{"self":[{"href":"https:\/\/inege.org\/index.php?rest_route=\/wp\/v2\/posts\/8574","targetHints":{"allow":["GET"]}}],"collection":[{"href":"https:\/\/inege.org\/index.php?rest_route=\/wp\/v2\/posts"}],"about":[{"href":"https:\/\/inege.org\/index.php?rest_route=\/wp\/v2\/types\/post"}],"author":[{"embeddable":true,"href":"https:\/\/inege.org\/index.php?rest_route=\/wp\/v2\/users\/82"}],"replies":[{"embeddable":true,"href":"https:\/\/inege.org\/index.php?rest_route=%2Fwp%2Fv2%2Fcomments&post=8574"}],"version-history":[{"count":10,"href":"https:\/\/inege.org\/index.php?rest_route=\/wp\/v2\/posts\/8574\/revisions"}],"predecessor-version":[{"id":8608,"href":"https:\/\/inege.org\/index.php?rest_route=\/wp\/v2\/posts\/8574\/revisions\/8608"}],"wp:featuredmedia":[{"embeddable":true,"href":"https:\/\/inege.org\/index.php?rest_route=\/wp\/v2\/media\/8576"}],"wp:attachment":[{"href":"https:\/\/inege.org\/index.php?rest_route=%2Fwp%2Fv2%2Fmedia&parent=8574"}],"wp:term":[{"taxonomy":"category","embeddable":true,"href":"https:\/\/inege.org\/index.php?rest_route=%2Fwp%2Fv2%2Fcategories&post=8574"},{"taxonomy":"post_tag","embeddable":true,"href":"https:\/\/inege.org\/index.php?rest_route=%2Fwp%2Fv2%2Ftags&post=8574"}],"curies":[{"name":"wp","href":"https:\/\/api.w.org\/{rel}","templated":true}]}}